{"id":48,"date":"2016-04-03T07:14:56","date_gmt":"2016-04-03T06:14:56","guid":{"rendered":"http:\/\/amapassionduloir.lafermedespetitspas.fr\/?p=48"},"modified":"2016-04-03T07:14:56","modified_gmt":"2016-04-03T06:14:56","slug":"reprise-des-livraisons-de-paniers-maraichers","status":"publish","type":"post","link":"http:\/\/amapassionduloir.lafermedespetitspas.fr\/?p=48","title":{"rendered":"Reprise des livraisons de paniers mara\u00eechers"},"content":{"rendered":"<p>Les livraisons de paniers mara\u00eechers reprendront le <strong>21 avril<\/strong>. N&rsquo;h\u00e9sitez pas \u00e0 nous contacter pour en profiter pour nous rejoindre !<\/p>\n","protected":false},"excerpt":{"rendered":"<p>Les livraisons de paniers mara\u00eechers reprendront le 21 avril. N&rsquo;h\u00e9sitez pas \u00e0 nous contacter pour en profiter pour nous rejoindre !<\/p>\n","protected":false},"author":1,"featured_media":0,"comment_status":"open","ping_status":"open","sticky":false,"template":"","format":"standard","meta":[],"categories":[4],"tags":[],"_links":{"self":[{"href":"http:\/\/amapassionduloir.lafermedespetitspas.fr\/index.php?rest_route=\/wp\/v2\/posts\/48"}],"collection":[{"href":"http:\/\/amapassionduloir.lafermedespetitspas.fr\/index.php?rest_route=\/wp\/v2\/posts"}],"about":[{"href":"http:\/\/amapassionduloir.lafermedespetitspas.fr\/index.php?rest_route=\/wp\/v2\/types\/post"}],"author":[{"embeddable":true,"href":"http:\/\/amapassionduloir.lafermedespetitspas.fr\/index.php?rest_route=\/wp\/v2\/users\/1"}],"replies":[{"embeddable":true,"href":"http:\/\/amapassionduloir.lafermedespetitspas.fr\/index.php?rest_route=%2Fwp%2Fv2%2Fcomments&post=48"}],"version-history":[{"count":1,"href":"http:\/\/amapassionduloir.lafermedespetitspas.fr\/index.php?rest_route=\/wp\/v2\/posts\/48\/revisions"}],"predecessor-version":[{"id":49,"href":"http:\/\/amapassionduloir.lafermedespetitspas.fr\/index.php?rest_route=\/wp\/v2\/posts\/48\/revisions\/49"}],"wp:attachment":[{"href":"http:\/\/amapassionduloir.lafermedespetitspas.fr\/index.php?rest_route=%2Fwp%2Fv2%2Fmedia&parent=48"}],"wp:term":[{"taxonomy":"category","embeddable":true,"href":"http:\/\/amapassionduloir.lafermedespetitspas.fr\/index.php?rest_route=%2Fwp%2Fv2%2Fcategories&post=48"},{"taxonomy":"post_tag","embeddable":true,"href":"http:\/\/amapassionduloir.lafermedespetitspas.fr\/index.php?rest_route=%2Fwp%2Fv2%2Ftags&post=48"}],"curies":[{"name":"wp","href":"https:\/\/api.w.org\/{rel}","templated":true}]}}